{"id":601,"date":"2018-10-08T07:07:14","date_gmt":"2018-10-08T07:07:14","guid":{"rendered":"http:\/\/clasicasmontesa.org\/?p=601"},"modified":"2018-10-08T07:07:14","modified_gmt":"2018-10-08T07:07:14","slug":"3a-quedada-montesista-a-gaia-barcelona-16-de-septiembre-de-2018","status":"publish","type":"post","link":"https:\/\/clasicasmontesa.org\/index.php\/2018\/10\/08\/3a-quedada-montesista-a-gaia-barcelona-16-de-septiembre-de-2018\/","title":{"rendered":"3\u00aa Quedada Montesista a Gai\u00e0 (Barcelona) \u2013 16 de Septiembre de 2018 \u2013"},"content":{"rendered":"<p><strong>Consolidada la cita de las Cl\u00e1sicas Montesas<\/strong><\/p>\n<p>El domingo 16 de septiembre, se celebr\u00f3 en Gai\u00e0 (Barcelona) la 3\u00aa Quedada Montesista, cita indiscutible para el amante de las cl\u00e1sicas Montesa y que este a\u00f1o doblo de forma espectacular las cifras de participaci\u00f3n, respecto a la edici\u00f3n anterior.<\/p>\n<p>Consolidada en este municipio de la Catalu\u00f1a Central y con epicentro de las actividades en la Pla\u00e7a de l\u2019Ajuntament, la 3\u00aa Quedada Mantiene la esencia de la edici\u00f3n anterior, que tan buenas cr\u00edticas obtuvo e hizo el deleite de los Montesistas, tanto de carretera, como de campo.<\/p>\n<p>Los Montesistas estaban citados a las 8:30 de la ma\u00f1ana en Gai\u00e0, para realizar la inscripci\u00f3n, que contaba con un almuerzo de tenedor y cuchillo, un obsequio, dorsal y con ello entraba en el sorteo de un vuelo doble en parapente y un lote de material de Montesa.<\/p>\n<p>A las 9:30 los m\u00e1s de 90 comensales entraban a almorzar, en un gran ambiente y que genero buenos debates e historias, claro est\u00e1, sobre Montesa y todo lo que ello envuelve a esta m\u00edtica marca.<\/p>\n<p>A las 11:15 estaban citados todos en la Pla\u00e7a de l\u2019Ajuntament, donde estaban expuestas, nada m\u00e1s y nada menos que las 61 Montesas, en las que encontr\u00e1bamos varios modelos de Cota, Enduro, Brio, Impala, Crono, King Scorpion.<\/p>\n<p>Con una participaci\u00f3n de 40 motos, sal\u00edan primero la ruta de campo. Por delante 35 km de aut\u00e9ntico deleite en la que pod\u00edamos encontrar zonas r\u00e1pidas de grava suelta, como zonas lentas, rotas, piedra, barro, exigentes tanto para maquinas como pilotos.<\/p>\n<p>Tras ellos sal\u00edan las 21 motos que iban a disputar los casi 70km de asfalto, en una ruta de lo m\u00e1s espectacular. Esta ruta dise\u00f1ada para sacar el m\u00e1ximo partido de los participantes, recorr\u00eda aut\u00e9nticas carreteas de monta\u00f1a, combinando zonas ratoneras con grandes rectas y curvas que no dejaba indiferente a nadie.<\/p>\n<p>Tras 2 horas, aparec\u00edan de vuelta en Gai\u00e0, primero los Montesistas de la ruta de asfalto y acto seguido llegaban la ruta off-road. Tras un respiro y comentar entre todos las an\u00e9cdotas de todas las rutas, se realiz\u00f3 el sorteo y la foto de familia con todos los participantes y sus Montesa.<\/p>\n<p>Como novedades este a\u00f1o, podr\u00edamos encontrar varias paradas con merchandising de Montesa y algunos recambios, as\u00ed como un fotocall en la que pod\u00edas hacerte una foto con tu Montesa y la posibilidad de quedarse a dormir si venias de lejos en una casa rural, ya que Mas\u00eda La Plana ofrec\u00eda unos precios insuperables en un entorno espectacular y con un trato muy cercano.<\/p>\n<p>Como siempre, tomando nota de las mejoras y ya pensando en c\u00f3mo aplicarlas en la 4\u00aa edici\u00f3n, as\u00ed en c\u00f3mo hacerla m\u00e1s espectacular si cabe, os emplazamos a todos en Gai\u00e0 para el proximo a\u00f1o.<\/p>\n<div id='gallery-1' class='gallery galleryid-601 gallery-columns-3 gallery-size-thumbnail'><figure class='gallery-item'>\n\t\t\t<div class='gallery-icon landscape'>\n\t\t\t\t<a href='https:\/\/clasicasmontesa.org\/index.php\/2018\/10\/08\/3a-quedada-montesista-a-gaia-barcelona-16-de-septiembre-de-2018\/img_0001\/'><img loading=\"lazy\" decoding=\"async\" width=\"150\" height=\"150\" src=\"https:\/\/clasicasmontesa.org\/wp-content\/uploads\/2018\/10\/IMG_0001-150x150.jpg\" class=\"attachment-thumbnail size-thumbnail\" alt=\"\" srcset=\"https:\/\/clasicasmontesa.org\/wp-content\/uploads\/2018\/10\/IMG_0001-150x150.jpg 150w, https:\/\/clasicasmontesa.org\/wp-content\/uploads\/2018\/10\/IMG_0001-100x100.jpg 100w\" sizes=\"auto, 100vw\" \/><\/a>\n\t\t\t<\/div><\/figure><figure class='gallery-item'>\n\t\t\t<div class='gallery-icon landscape'>\n\t\t\t\t<a href='https:\/\/clasicasmontesa.org\/index.php\/2018\/10\/08\/3a-quedada-montesista-a-gaia-barcelona-16-de-septiembre-de-2018\/img_9999\/'><img loading=\"lazy\" decoding=\"async\" width=\"150\" height=\"150\" src=\"https:\/\/clasicasmontesa.org\/wp-content\/uploads\/2018\/10\/IMG_9999-150x150.jpg\" class=\"attachment-thumbnail size-thumbnail\" alt=\"\" srcset=\"https:\/\/clasicasmontesa.org\/wp-content\/uploads\/2018\/10\/IMG_9999-150x150.jpg 150w, https:\/\/clasicasmontesa.org\/wp-content\/uploads\/2018\/10\/IMG_9999-100x100.jpg 100w\" sizes=\"auto, 100vw\" \/><\/a>\n\t\t\t<\/div><\/figure><figure class='gallery-item'>\n\t\t\t<div class='gallery-icon landscape'>\n\t\t\t\t<a href='https:\/\/clasicasmontesa.org\/index.php\/2018\/10\/08\/3a-quedada-montesista-a-gaia-barcelona-16-de-septiembre-de-2018\/img_9997\/'><img loading=\"lazy\" decoding=\"async\" width=\"150\" height=\"150\" src=\"https:\/\/clasicasmontesa.org\/wp-content\/uploads\/2018\/10\/IMG_9997-150x150.jpg\" class=\"attachment-thumbnail size-thumbnail\" alt=\"\" srcset=\"https:\/\/clasicasmontesa.org\/wp-content\/uploads\/2018\/10\/IMG_9997-150x150.jpg 150w, https:\/\/clasicasmontesa.org\/wp-content\/uploads\/2018\/10\/IMG_9997-100x100.jpg 100w\" sizes=\"auto, 100vw\" \/><\/a>\n\t\t\t<\/div><\/figure><figure class='gallery-item'>\n\t\t\t<div class='gallery-icon portrait'>\n\t\t\t\t<a href='https:\/\/clasicasmontesa.org\/index.php\/2018\/10\/08\/3a-quedada-montesista-a-gaia-barcelona-16-de-septiembre-de-2018\/img_9996\/'><img loading=\"lazy\" decoding=\"async\" width=\"150\" height=\"150\" src=\"https:\/\/clasicasmontesa.org\/wp-content\/uploads\/2018\/10\/IMG_9996-150x150.jpg\" class=\"attachment-thumbnail size-thumbnail\" alt=\"\" srcset=\"https:\/\/clasicasmontesa.org\/wp-content\/uploads\/2018\/10\/IMG_9996-150x150.jpg 150w, https:\/\/clasicasmontesa.org\/wp-content\/uploads\/2018\/10\/IMG_9996-100x100.jpg 100w\" sizes=\"auto, 100vw\" \/><\/a>\n\t\t\t<\/div><\/figure><figure class='gallery-item'>\n\t\t\t<div class='gallery-icon portrait'>\n\t\t\t\t<a href='https:\/\/clasicasmontesa.org\/index.php\/2018\/10\/08\/3a-quedada-montesista-a-gaia-barcelona-16-de-septiembre-de-2018\/img_9995\/'><img loading=\"lazy\" decoding=\"async\" width=\"150\" height=\"150\" src=\"https:\/\/clasicasmontesa.org\/wp-content\/uploads\/2018\/10\/IMG_9995-150x150.jpg\" class=\"attachment-thumbnail size-thumbnail\" alt=\"\" srcset=\"https:\/\/clasicasmontesa.org\/wp-content\/uploads\/2018\/10\/IMG_9995-150x150.jpg 150w, https:\/\/clasicasmontesa.org\/wp-content\/uploads\/2018\/10\/IMG_9995-100x100.jpg 100w\" sizes=\"auto, 100vw\" \/><\/a>\n\t\t\t<\/div><\/figure><figure class='gallery-item'>\n\t\t\t<div class='gallery-icon landscape'>\n\t\t\t\t<a href='https:\/\/clasicasmontesa.org\/index.php\/2018\/10\/08\/3a-quedada-montesista-a-gaia-barcelona-16-de-septiembre-de-2018\/img_9993\/'><img loading=\"lazy\" decoding=\"async\" width=\"150\" height=\"150\" src=\"https:\/\/clasicasmontesa.org\/wp-content\/uploads\/2018\/10\/IMG_9993-150x150.jpg\" class=\"attachment-thumbnail size-thumbnail\" alt=\"\" srcset=\"https:\/\/clasicasmontesa.org\/wp-content\/uploads\/2018\/10\/IMG_9993-150x150.jpg 150w, https:\/\/clasicasmontesa.org\/wp-content\/uploads\/2018\/10\/IMG_9993-100x100.jpg 100w\" sizes=\"auto, 100vw\" \/><\/a>\n\t\t\t<\/div><\/figure><figure class='gallery-item'>\n\t\t\t<div class='gallery-icon portrait'>\n\t\t\t\t<a href='https:\/\/clasicasmontesa.org\/index.php\/2018\/10\/08\/3a-quedada-montesista-a-gaia-barcelona-16-de-septiembre-de-2018\/img_9992\/'><img loading=\"lazy\" decoding=\"async\" width=\"150\" height=\"150\" src=\"https:\/\/clasicasmontesa.org\/wp-content\/uploads\/2018\/10\/IMG_9992-150x150.jpg\" class=\"attachment-thumbnail size-thumbnail\" alt=\"\" srcset=\"https:\/\/clasicasmontesa.org\/wp-content\/uploads\/2018\/10\/IMG_9992-150x150.jpg 150w, https:\/\/clasicasmontesa.org\/wp-content\/uploads\/2018\/10\/IMG_9992-100x100.jpg 100w\" sizes=\"auto, 100vw\" \/><\/a>\n\t\t\t<\/div><\/figure><figure class='gallery-item'>\n\t\t\t<div class='gallery-icon portrait'>\n\t\t\t\t<a href='https:\/\/clasicasmontesa.org\/index.php\/2018\/10\/08\/3a-quedada-montesista-a-gaia-barcelona-16-de-septiembre-de-2018\/img_9991\/'><img loading=\"lazy\" decoding=\"async\" width=\"150\" height=\"150\" src=\"https:\/\/clasicasmontesa.org\/wp-content\/uploads\/2018\/10\/IMG_9991-150x150.jpg\" class=\"attachment-thumbnail size-thumbnail\" alt=\"\" srcset=\"https:\/\/clasicasmontesa.org\/wp-content\/uploads\/2018\/10\/IMG_9991-150x150.jpg 150w, https:\/\/clasicasmontesa.org\/wp-content\/uploads\/2018\/10\/IMG_9991-100x100.jpg 100w\" sizes=\"auto, 100vw\" \/><\/a>\n\t\t\t<\/div><\/figure><figure class='gallery-item'>\n\t\t\t<div class='gallery-icon landscape'>\n\t\t\t\t<a href='https:\/\/clasicasmontesa.org\/index.php\/2018\/10\/08\/3a-quedada-montesista-a-gaia-barcelona-16-de-septiembre-de-2018\/img_9990\/'><img loading=\"lazy\" decoding=\"async\" width=\"150\" height=\"150\" src=\"https:\/\/clasicasmontesa.org\/wp-content\/uploads\/2018\/10\/IMG_9990-150x150.jpg\" class=\"attachment-thumbnail size-thumbnail\" alt=\"\" srcset=\"https:\/\/clasicasmontesa.org\/wp-content\/uploads\/2018\/10\/IMG_9990-150x150.jpg 150w, https:\/\/clasicasmontesa.org\/wp-content\/uploads\/2018\/10\/IMG_9990-100x100.jpg 100w\" sizes=\"auto, 100vw\" \/><\/a>\n\t\t\t<\/div><\/figure><figure class='gallery-item'>\n\t\t\t<div class='gallery-icon landscape'>\n\t\t\t\t<a href='https:\/\/clasicasmontesa.org\/index.php\/2018\/10\/08\/3a-quedada-montesista-a-gaia-barcelona-16-de-septiembre-de-2018\/img_9989\/'><img loading=\"lazy\" decoding=\"async\" width=\"150\" height=\"150\" src=\"https:\/\/clasicasmontesa.org\/wp-content\/uploads\/2018\/10\/IMG_9989-150x150.jpg\" class=\"attachment-thumbnail size-thumbnail\" alt=\"\" srcset=\"https:\/\/clasicasmontesa.org\/wp-content\/uploads\/2018\/10\/IMG_9989-150x150.jpg 150w, https:\/\/clasicasmontesa.org\/wp-content\/uploads\/2018\/10\/IMG_9989-100x100.jpg 100w\" sizes=\"auto, 100vw\" \/><\/a>\n\t\t\t<\/div><\/figure><figure class='gallery-item'>\n\t\t\t<div class='gallery-icon landscape'>\n\t\t\t\t<a href='https:\/\/clasicasmontesa.org\/index.php\/2018\/10\/08\/3a-quedada-montesista-a-gaia-barcelona-16-de-septiembre-de-2018\/img_9988\/'><img loading=\"lazy\" decoding=\"async\" width=\"150\" height=\"150\" src=\"https:\/\/clasicasmontesa.org\/wp-content\/uploads\/2018\/10\/IMG_9988-150x150.jpg\" class=\"attachment-thumbnail size-thumbnail\" alt=\"\" srcset=\"https:\/\/clasicasmontesa.org\/wp-content\/uploads\/2018\/10\/IMG_9988-150x150.jpg 150w, https:\/\/clasicasmontesa.org\/wp-content\/uploads\/2018\/10\/IMG_9988-100x100.jpg 100w\" sizes=\"auto, 100vw\" \/><\/a>\n\t\t\t<\/div><\/figure><figure class='gallery-item'>\n\t\t\t<div class='gallery-icon portrait'>\n\t\t\t\t<a href='https:\/\/clasicasmontesa.org\/index.php\/2018\/10\/08\/3a-quedada-montesista-a-gaia-barcelona-16-de-septiembre-de-2018\/img_9817\/'><img loading=\"lazy\" decoding=\"async\" width=\"150\" height=\"150\" src=\"https:\/\/clasicasmontesa.org\/wp-content\/uploads\/2018\/10\/IMG_9817-150x150.jpg\" class=\"attachment-thumbnail size-thumbnail\" alt=\"\" srcset=\"https:\/\/clasicasmontesa.org\/wp-content\/uploads\/2018\/10\/IMG_9817-150x150.jpg 150w, https:\/\/clasicasmontesa.org\/wp-content\/uploads\/2018\/10\/IMG_9817-100x100.jpg 100w\" sizes=\"auto, 100vw\" \/><\/a>\n\t\t\t<\/div><\/figure><figure class='gallery-item'>\n\t\t\t<div class='gallery-icon landscape'>\n\t\t\t\t<a href='https:\/\/clasicasmontesa.org\/index.php\/2018\/10\/08\/3a-quedada-montesista-a-gaia-barcelona-16-de-septiembre-de-2018\/img_9816\/'><img loading=\"lazy\" decoding=\"async\" width=\"150\" height=\"150\" src=\"https:\/\/clasicasmontesa.org\/wp-content\/uploads\/2018\/10\/IMG_9816-150x150.jpg\" class=\"attachment-thumbnail size-thumbnail\" alt=\"\" srcset=\"https:\/\/clasicasmontesa.org\/wp-content\/uploads\/2018\/10\/IMG_9816-150x150.jpg 150w, https:\/\/clasicasmontesa.org\/wp-content\/uploads\/2018\/10\/IMG_9816-100x100.jpg 100w\" sizes=\"auto, 100vw\" \/><\/a>\n\t\t\t<\/div><\/figure><figure class='gallery-item'>\n\t\t\t<div class='gallery-icon landscape'>\n\t\t\t\t<a href='https:\/\/clasicasmontesa.org\/index.php\/2018\/10\/08\/3a-quedada-montesista-a-gaia-barcelona-16-de-septiembre-de-2018\/img_9813\/'><img loading=\"lazy\" decoding=\"async\" width=\"150\" height=\"150\" src=\"https:\/\/clasicasmontesa.org\/wp-content\/uploads\/2018\/10\/IMG_9813-150x150.jpg\" class=\"attachment-thumbnail size-thumbnail\" alt=\"\" srcset=\"https:\/\/clasicasmontesa.org\/wp-content\/uploads\/2018\/10\/IMG_9813-150x150.jpg 150w, https:\/\/clasicasmontesa.org\/wp-content\/uploads\/2018\/10\/IMG_9813-100x100.jpg 100w\" sizes=\"auto, 100vw\" \/><\/a>\n\t\t\t<\/div><\/figure><figure class='gallery-item'>\n\t\t\t<div class='gallery-icon landscape'>\n\t\t\t\t<a href='https:\/\/clasicasmontesa.org\/index.php\/2018\/10\/08\/3a-quedada-montesista-a-gaia-barcelona-16-de-septiembre-de-2018\/img_9812\/'><img loading=\"lazy\" decoding=\"async\" width=\"150\" height=\"150\" src=\"https:\/\/clasicasmontesa.org\/wp-content\/uploads\/2018\/10\/IMG_9812-150x150.jpg\" class=\"attachment-thumbnail size-thumbnail\" alt=\"\" srcset=\"https:\/\/clasicasmontesa.org\/wp-content\/uploads\/2018\/10\/IMG_9812-150x150.jpg 150w, https:\/\/clasicasmontesa.org\/wp-content\/uploads\/2018\/10\/IMG_9812-100x100.jpg 100w\" sizes=\"auto, 100vw\" \/><\/a>\n\t\t\t<\/div><\/figure><figure class='gallery-item'>\n\t\t\t<div class='gallery-icon landscape'>\n\t\t\t\t<a href='https:\/\/clasicasmontesa.org\/index.php\/2018\/10\/08\/3a-quedada-montesista-a-gaia-barcelona-16-de-septiembre-de-2018\/img_9810\/'><img loading=\"lazy\" decoding=\"async\" width=\"150\" height=\"150\" src=\"https:\/\/clasicasmontesa.org\/wp-content\/uploads\/2018\/10\/IMG_9810-150x150.jpg\" class=\"attachment-thumbnail size-thumbnail\" alt=\"\" srcset=\"https:\/\/clasicasmontesa.org\/wp-content\/uploads\/2018\/10\/IMG_9810-150x150.jpg 150w, https:\/\/clasicasmontesa.org\/wp-content\/uploads\/2018\/10\/IMG_9810-100x100.jpg 100w\" sizes=\"auto, 100vw\" \/><\/a>\n\t\t\t<\/div><\/figure><figure class='gallery-item'>\n\t\t\t<div class='gallery-icon portrait'>\n\t\t\t\t<a href='https:\/\/clasicasmontesa.org\/index.php\/2018\/10\/08\/3a-quedada-montesista-a-gaia-barcelona-16-de-septiembre-de-2018\/img_9808\/'><img loading=\"lazy\" decoding=\"async\" width=\"150\" height=\"150\" src=\"https:\/\/clasicasmontesa.org\/wp-content\/uploads\/2018\/10\/IMG_9808-150x150.jpg\" class=\"attachment-thumbnail size-thumbnail\" alt=\"\" srcset=\"https:\/\/clasicasmontesa.org\/wp-content\/uploads\/2018\/10\/IMG_9808-150x150.jpg 150w, https:\/\/clasicasmontesa.org\/wp-content\/uploads\/2018\/10\/IMG_9808-100x100.jpg 100w\" sizes=\"auto, 100vw\" \/><\/a>\n\t\t\t<\/div><\/figure><figure class='gallery-item'>\n\t\t\t<div class='gallery-icon portrait'>\n\t\t\t\t<a href='https:\/\/clasicasmontesa.org\/index.php\/2018\/10\/08\/3a-quedada-montesista-a-gaia-barcelona-16-de-septiembre-de-2018\/img_9807\/'><img loading=\"lazy\" decoding=\"async\" width=\"150\" height=\"150\" src=\"https:\/\/clasicasmontesa.org\/wp-content\/uploads\/2018\/10\/IMG_9807-150x150.jpg\" class=\"attachment-thumbnail size-thumbnail\" alt=\"\" srcset=\"https:\/\/clasicasmontesa.org\/wp-content\/uploads\/2018\/10\/IMG_9807-150x150.jpg 150w, https:\/\/clasicasmontesa.org\/wp-content\/uploads\/2018\/10\/IMG_9807-100x100.jpg 100w\" sizes=\"auto, 100vw\" \/><\/a>\n\t\t\t<\/div><\/figure><figure class='gallery-item'>\n\t\t\t<div class='gallery-icon landscape'>\n\t\t\t\t<a href='https:\/\/clasicasmontesa.org\/index.php\/2018\/10\/08\/3a-quedada-montesista-a-gaia-barcelona-16-de-septiembre-de-2018\/img_9806\/'><img loading=\"lazy\" decoding=\"async\" width=\"150\" height=\"150\" src=\"https:\/\/clasicasmontesa.org\/wp-content\/uploads\/2018\/10\/IMG_9806-150x150.jpg\" class=\"attachment-thumbnail size-thumbnail\" alt=\"\" srcset=\"https:\/\/clasicasmontesa.org\/wp-content\/uploads\/2018\/10\/IMG_9806-150x150.jpg 150w, https:\/\/clasicasmontesa.org\/wp-content\/uploads\/2018\/10\/IMG_9806-100x100.jpg 100w\" sizes=\"auto, 100vw\" \/><\/a>\n\t\t\t<\/div><\/figure><figure class='gallery-item'>\n\t\t\t<div class='gallery-icon landscape'>\n\t\t\t\t<a href='https:\/\/clasicasmontesa.org\/index.php\/2018\/10\/08\/3a-quedada-montesista-a-gaia-barcelona-16-de-septiembre-de-2018\/img_9805\/'><img loading=\"lazy\" decoding=\"async\" width=\"150\" height=\"150\" src=\"https:\/\/clasicasmontesa.org\/wp-content\/uploads\/2018\/10\/IMG_9805-150x150.jpg\" class=\"attachment-thumbnail size-thumbnail\" alt=\"\" srcset=\"https:\/\/clasicasmontesa.org\/wp-content\/uploads\/2018\/10\/IMG_9805-150x150.jpg 150w, https:\/\/clasicasmontesa.org\/wp-content\/uploads\/2018\/10\/IMG_9805-100x100.jpg 100w\" sizes=\"auto, 100vw\" \/><\/a>\n\t\t\t<\/div><\/figure><figure class='gallery-item'>\n\t\t\t<div class='gallery-icon landscape'>\n\t\t\t\t<a href='https:\/\/clasicasmontesa.org\/index.php\/2018\/10\/08\/3a-quedada-montesista-a-gaia-barcelona-16-de-septiembre-de-2018\/img_9803\/'><img loading=\"lazy\" decoding=\"async\" width=\"150\" height=\"150\" src=\"https:\/\/clasicasmontesa.org\/wp-content\/uploads\/2018\/10\/IMG_9803-150x150.jpg\" class=\"attachment-thumbnail size-thumbnail\" alt=\"\" srcset=\"https:\/\/clasicasmontesa.org\/wp-content\/uploads\/2018\/10\/IMG_9803-150x150.jpg 150w, https:\/\/clasicasmontesa.org\/wp-content\/uploads\/2018\/10\/IMG_9803-100x100.jpg 100w\" sizes=\"auto, 100vw\" \/><\/a>\n\t\t\t<\/div><\/figure><figure class='gallery-item'>\n\t\t\t<div class='gallery-icon landscape'>\n\t\t\t\t<a href='https:\/\/clasicasmontesa.org\/index.php\/2018\/10\/08\/3a-quedada-montesista-a-gaia-barcelona-16-de-septiembre-de-2018\/img_9802\/'><img loading=\"lazy\" decoding=\"async\" width=\"150\" height=\"150\" src=\"https:\/\/clasicasmontesa.org\/wp-content\/uploads\/2018\/10\/IMG_9802-150x150.jpg\" class=\"attachment-thumbnail size-thumbnail\" alt=\"\" srcset=\"https:\/\/clasicasmontesa.org\/wp-content\/uploads\/2018\/10\/IMG_9802-150x150.jpg 150w, https:\/\/clasicasmontesa.org\/wp-content\/uploads\/2018\/10\/IMG_9802-100x100.jpg 100w\" sizes=\"auto, 100vw\" \/><\/a>\n\t\t\t<\/div><\/figure><figure class='gallery-item'>\n\t\t\t<div class='gallery-icon landscape'>\n\t\t\t\t<a href='https:\/\/clasicasmontesa.org\/index.php\/2018\/10\/08\/3a-quedada-montesista-a-gaia-barcelona-16-de-septiembre-de-2018\/img_9801\/'><img loading=\"lazy\" decoding=\"async\" width=\"150\" height=\"150\" src=\"https:\/\/clasicasmontesa.org\/wp-content\/uploads\/2018\/10\/IMG_9801-150x150.jpg\" class=\"attachment-thumbnail size-thumbnail\" alt=\"\" srcset=\"https:\/\/clasicasmontesa.org\/wp-content\/uploads\/2018\/10\/IMG_9801-150x150.jpg 150w, https:\/\/clasicasmontesa.org\/wp-content\/uploads\/2018\/10\/IMG_9801-100x100.jpg 100w\" sizes=\"auto, 100vw\" \/><\/a>\n\t\t\t<\/div><\/figure><figure class='gallery-item'>\n\t\t\t<div class='gallery-icon portrait'>\n\t\t\t\t<a href='https:\/\/clasicasmontesa.org\/index.php\/2018\/10\/08\/3a-quedada-montesista-a-gaia-barcelona-16-de-septiembre-de-2018\/img_9799\/'><img loading=\"lazy\" decoding=\"async\" width=\"150\" height=\"150\" src=\"https:\/\/clasicasmontesa.org\/wp-content\/uploads\/2018\/10\/IMG_9799-150x150.jpg\" class=\"attachment-thumbnail size-thumbnail\" alt=\"\" srcset=\"https:\/\/clasicasmontesa.org\/wp-content\/uploads\/2018\/10\/IMG_9799-150x150.jpg 150w, https:\/\/clasicasmontesa.org\/wp-content\/uploads\/2018\/10\/IMG_9799-100x100.jpg 100w\" sizes=\"auto, 100vw\" \/><\/a>\n\t\t\t<\/div><\/figure><figure class='gallery-item'>\n\t\t\t<div class='gallery-icon portrait'>\n\t\t\t\t<a href='https:\/\/clasicasmontesa.org\/index.php\/2018\/10\/08\/3a-quedada-montesista-a-gaia-barcelona-16-de-septiembre-de-2018\/img_9798\/'><img loading=\"lazy\" decoding=\"async\" width=\"150\" height=\"150\" src=\"https:\/\/clasicasmontesa.org\/wp-content\/uploads\/2018\/10\/IMG_9798-150x150.jpg\" class=\"attachment-thumbnail size-thumbnail\" alt=\"\" srcset=\"https:\/\/clasicasmontesa.org\/wp-content\/uploads\/2018\/10\/IMG_9798-150x150.jpg 150w, https:\/\/clasicasmontesa.org\/wp-content\/uploads\/2018\/10\/IMG_9798-100x100.jpg 100w\" sizes=\"auto, 100vw\" \/><\/a>\n\t\t\t<\/div><\/figure><figure class='gallery-item'>\n\t\t\t<div class='gallery-icon portrait'>\n\t\t\t\t<a href='https:\/\/clasicasmontesa.org\/index.php\/2018\/10\/08\/3a-quedada-montesista-a-gaia-barcelona-16-de-septiembre-de-2018\/img_9796\/'><img loading=\"lazy\" decoding=\"async\" width=\"150\" height=\"150\" src=\"https:\/\/clasicasmontesa.org\/wp-content\/uploads\/2018\/10\/IMG_9796-150x150.jpg\" class=\"attachment-thumbnail size-thumbnail\" alt=\"\" srcset=\"https:\/\/clasicasmontesa.org\/wp-content\/uploads\/2018\/10\/IMG_9796-150x150.jpg 150w, https:\/\/clasicasmontesa.org\/wp-content\/uploads\/2018\/10\/IMG_9796-100x100.jpg 100w\" sizes=\"auto, 100vw\" \/><\/a>\n\t\t\t<\/div><\/figure><figure class='gallery-item'>\n\t\t\t<div class='gallery-icon landscape'>\n\t\t\t\t<a href='https:\/\/clasicasmontesa.org\/index.php\/2018\/10\/08\/3a-quedada-montesista-a-gaia-barcelona-16-de-septiembre-de-2018\/img_9795\/'><img loading=\"lazy\" decoding=\"async\" width=\"150\" height=\"150\" src=\"https:\/\/clasicasmontesa.org\/wp-content\/uploads\/2018\/10\/IMG_9795-150x150.jpg\" class=\"attachment-thumbnail size-thumbnail\" alt=\"\" srcset=\"https:\/\/clasicasmontesa.org\/wp-content\/uploads\/2018\/10\/IMG_9795-150x150.jpg 150w, https:\/\/clasicasmontesa.org\/wp-content\/uploads\/2018\/10\/IMG_9795-100x100.jpg 100w\" sizes=\"auto, 100vw\" \/><\/a>\n\t\t\t<\/div><\/figure><figure class='gallery-item'>\n\t\t\t<div class='gallery-icon landscape'>\n\t\t\t\t<a href='https:\/\/clasicasmontesa.org\/index.php\/2018\/10\/08\/3a-quedada-montesista-a-gaia-barcelona-16-de-septiembre-de-2018\/img_9794\/'><img loading=\"lazy\" decoding=\"async\" width=\"150\" height=\"150\" src=\"https:\/\/clasicasmontesa.org\/wp-content\/uploads\/2018\/10\/IMG_9794-150x150.jpg\" class=\"attachment-thumbnail size-thumbnail\" alt=\"\" srcset=\"https:\/\/clasicasmontesa.org\/wp-content\/uploads\/2018\/10\/IMG_9794-150x150.jpg 150w, https:\/\/clasicasmontesa.org\/wp-content\/uploads\/2018\/10\/IMG_9794-100x100.jpg 100w\" sizes=\"auto, 100vw\" \/><\/a>\n\t\t\t<\/div><\/figure><figure class='gallery-item'>\n\t\t\t<div class='gallery-icon landscape'>\n\t\t\t\t<a href='https:\/\/clasicasmontesa.org\/index.php\/2018\/10\/08\/3a-quedada-montesista-a-gaia-barcelona-16-de-septiembre-de-2018\/img_9793\/'><img loading=\"lazy\" decoding=\"async\" width=\"150\" height=\"150\" src=\"https:\/\/clasicasmontesa.org\/wp-content\/uploads\/2018\/10\/IMG_9793-150x150.jpg\" class=\"attachment-thumbnail size-thumbnail\" alt=\"\" srcset=\"https:\/\/clasicasmontesa.org\/wp-content\/uploads\/2018\/10\/IMG_9793-150x150.jpg 150w, https:\/\/clasicasmontesa.org\/wp-content\/uploads\/2018\/10\/IMG_9793-100x100.jpg 100w\" sizes=\"auto, 100vw\" \/><\/a>\n\t\t\t<\/div><\/figure><figure class='gallery-item'>\n\t\t\t<div class='gallery-icon landscape'>\n\t\t\t\t<a href='https:\/\/clasicasmontesa.org\/index.php\/2018\/10\/08\/3a-quedada-montesista-a-gaia-barcelona-16-de-septiembre-de-2018\/img_9792\/'><img loading=\"lazy\" decoding=\"async\" width=\"150\" height=\"150\" src=\"https:\/\/clasicasmontesa.org\/wp-content\/uploads\/2018\/10\/IMG_9792-150x150.jpg\" class=\"attachment-thumbnail size-thumbnail\" alt=\"\" srcset=\"https:\/\/clasicasmontesa.org\/wp-content\/uploads\/2018\/10\/IMG_9792-150x150.jpg 150w, https:\/\/clasicasmontesa.org\/wp-content\/uploads\/2018\/10\/IMG_9792-100x100.jpg 100w\" sizes=\"auto, 100vw\" \/><\/a>\n\t\t\t<\/div><\/figure><figure class='gallery-item'>\n\t\t\t<div class='gallery-icon landscape'>\n\t\t\t\t<a href='https:\/\/clasicasmontesa.org\/index.php\/2018\/10\/08\/3a-quedada-montesista-a-gaia-barcelona-16-de-septiembre-de-2018\/img_9791\/'><img loading=\"lazy\" decoding=\"async\" width=\"150\" height=\"150\" src=\"https:\/\/clasicasmontesa.org\/wp-content\/uploads\/2018\/10\/IMG_9791-150x150.jpg\" class=\"attachment-thumbnail size-thumbnail\" alt=\"\" srcset=\"https:\/\/clasicasmontesa.org\/wp-content\/uploads\/2018\/10\/IMG_9791-150x150.jpg 150w, https:\/\/clasicasmontesa.org\/wp-content\/uploads\/2018\/10\/IMG_9791-100x100.jpg 100w\" sizes=\"auto, 100vw\" \/><\/a>\n\t\t\t<\/div><\/figure><figure class='gallery-item'>\n\t\t\t<div class='gallery-icon landscape'>\n\t\t\t\t<a href='https:\/\/clasicasmontesa.org\/index.php\/2018\/10\/08\/3a-quedada-montesista-a-gaia-barcelona-16-de-septiembre-de-2018\/img_9790\/'><img loading=\"lazy\" decoding=\"async\" width=\"150\" height=\"150\" src=\"https:\/\/clasicasmontesa.org\/wp-content\/uploads\/2018\/10\/IMG_9790-150x150.jpg\" class=\"attachment-thumbnail size-thumbnail\" alt=\"\" srcset=\"https:\/\/clasicasmontesa.org\/wp-content\/uploads\/2018\/10\/IMG_9790-150x150.jpg 150w, https:\/\/clasicasmontesa.org\/wp-content\/uploads\/2018\/10\/IMG_9790-100x100.jpg 100w\" sizes=\"auto, 100vw\" \/><\/a>\n\t\t\t<\/div><\/figure><figure class='gallery-item'>\n\t\t\t<div class='gallery-icon portrait'>\n\t\t\t\t<a href='https:\/\/clasicasmontesa.org\/index.php\/2018\/10\/08\/3a-quedada-montesista-a-gaia-barcelona-16-de-septiembre-de-2018\/img_9788\/'><img loading=\"lazy\" decoding=\"async\" width=\"150\" height=\"150\" src=\"https:\/\/clasicasmontesa.org\/wp-content\/uploads\/2018\/10\/IMG_9788-150x150.jpg\" class=\"attachment-thumbnail size-thumbnail\" alt=\"\" srcset=\"https:\/\/clasicasmontesa.org\/wp-content\/uploads\/2018\/10\/IMG_9788-150x150.jpg 150w, https:\/\/clasicasmontesa.org\/wp-content\/uploads\/2018\/10\/IMG_9788-100x100.jpg 100w\" sizes=\"auto, 100vw\" \/><\/a>\n\t\t\t<\/div><\/figure><figure class='gallery-item'>\n\t\t\t<div class='gallery-icon landscape'>\n\t\t\t\t<a href='https:\/\/clasicasmontesa.org\/index.php\/2018\/10\/08\/3a-quedada-montesista-a-gaia-barcelona-16-de-septiembre-de-2018\/img_9786\/'><img loading=\"lazy\" decoding=\"async\" width=\"150\" height=\"150\" src=\"https:\/\/clasicasmontesa.org\/wp-content\/uploads\/2018\/10\/IMG_9786-150x150.jpg\" class=\"attachment-thumbnail size-thumbnail\" alt=\"\" srcset=\"https:\/\/clasicasmontesa.org\/wp-content\/uploads\/2018\/10\/IMG_9786-150x150.jpg 150w, https:\/\/clasicasmontesa.org\/wp-content\/uploads\/2018\/10\/IMG_9786-100x100.jpg 100w\" sizes=\"auto, 100vw\" \/><\/a>\n\t\t\t<\/div><\/figure><figure class='gallery-item'>\n\t\t\t<div class='gallery-icon landscape'>\n\t\t\t\t<a href='https:\/\/clasicasmontesa.org\/index.php\/2018\/10\/08\/3a-quedada-montesista-a-gaia-barcelona-16-de-septiembre-de-2018\/img_9785\/'><img loading=\"lazy\" decoding=\"async\" width=\"150\" height=\"150\" src=\"https:\/\/clasicasmontesa.org\/wp-content\/uploads\/2018\/10\/IMG_9785-150x150.jpg\" class=\"attachment-thumbnail size-thumbnail\" alt=\"\" srcset=\"https:\/\/clasicasmontesa.org\/wp-content\/uploads\/2018\/10\/IMG_9785-150x150.jpg 150w, https:\/\/clasicasmontesa.org\/wp-content\/uploads\/2018\/10\/IMG_9785-100x100.jpg 100w\" sizes=\"auto, 100vw\" \/><\/a>\n\t\t\t<\/div><\/figure><figure class='gallery-item'>\n\t\t\t<div class='gallery-icon portrait'>\n\t\t\t\t<a href='https:\/\/clasicasmontesa.org\/index.php\/2018\/10\/08\/3a-quedada-montesista-a-gaia-barcelona-16-de-septiembre-de-2018\/img_9784\/'><img loading=\"lazy\" decoding=\"async\" width=\"150\" height=\"150\" src=\"https:\/\/clasicasmontesa.org\/wp-content\/uploads\/2018\/10\/IMG_9784-150x150.jpg\" class=\"attachment-thumbnail size-thumbnail\" alt=\"\" srcset=\"https:\/\/clasicasmontesa.org\/wp-content\/uploads\/2018\/10\/IMG_9784-150x150.jpg 150w, https:\/\/clasicasmontesa.org\/wp-content\/uploads\/2018\/10\/IMG_9784-100x100.jpg 100w\" sizes=\"auto, 100vw\" \/><\/a>\n\t\t\t<\/div><\/figure><figure class='gallery-item'>\n\t\t\t<div class='gallery-icon landscape'>\n\t\t\t\t<a href='https:\/\/clasicasmontesa.org\/index.php\/2018\/10\/08\/3a-quedada-montesista-a-gaia-barcelona-16-de-septiembre-de-2018\/img_9783\/'><img loading=\"lazy\" decoding=\"async\" width=\"150\" height=\"150\" src=\"https:\/\/clasicasmontesa.org\/wp-content\/uploads\/2018\/10\/IMG_9783-150x150.jpg\" class=\"attachment-thumbnail size-thumbnail\" alt=\"\" srcset=\"https:\/\/clasicasmontesa.org\/wp-content\/uploads\/2018\/10\/IMG_9783-150x150.jpg 150w, https:\/\/clasicasmontesa.org\/wp-content\/uploads\/2018\/10\/IMG_9783-100x100.jpg 100w\" sizes=\"auto, 100vw\" \/><\/a>\n\t\t\t<\/div><\/figure><figure class='gallery-item'>\n\t\t\t<div class='gallery-icon portrait'>\n\t\t\t\t<a href='https:\/\/clasicasmontesa.org\/index.php\/2018\/10\/08\/3a-quedada-montesista-a-gaia-barcelona-16-de-septiembre-de-2018\/img_9782\/'><img loading=\"lazy\" decoding=\"async\" width=\"150\" height=\"150\" src=\"https:\/\/clasicasmontesa.org\/wp-content\/uploads\/2018\/10\/IMG_9782-150x150.jpg\" class=\"attachment-thumbnail size-thumbnail\" alt=\"\" srcset=\"https:\/\/clasicasmontesa.org\/wp-content\/uploads\/2018\/10\/IMG_9782-150x150.jpg 150w, https:\/\/clasicasmontesa.org\/wp-content\/uploads\/2018\/10\/IMG_9782-100x100.jpg 100w\" sizes=\"auto, 100vw\" \/><\/a>\n\t\t\t<\/div><\/figure><figure class='gallery-item'>\n\t\t\t<div class='gallery-icon portrait'>\n\t\t\t\t<a href='https:\/\/clasicasmontesa.org\/index.php\/2018\/10\/08\/3a-quedada-montesista-a-gaia-barcelona-16-de-septiembre-de-2018\/img_9781\/'><img loading=\"lazy\" decoding=\"async\" width=\"150\" height=\"150\" src=\"https:\/\/clasicasmontesa.org\/wp-content\/uploads\/2018\/10\/IMG_9781-150x150.jpg\" class=\"attachment-thumbnail size-thumbnail\" alt=\"\" srcset=\"https:\/\/clasicasmontesa.org\/wp-content\/uploads\/2018\/10\/IMG_9781-150x150.jpg 150w, https:\/\/clasicasmontesa.org\/wp-content\/uploads\/2018\/10\/IMG_9781-100x100.jpg 100w\" sizes=\"auto, 100vw\" \/><\/a>\n\t\t\t<\/div><\/figure><figure class='gallery-item'>\n\t\t\t<div class='gallery-icon portrait'>\n\t\t\t\t<a href='https:\/\/clasicasmontesa.org\/index.php\/2018\/10\/08\/3a-quedada-montesista-a-gaia-barcelona-16-de-septiembre-de-2018\/img_9780\/'><img loading=\"lazy\" decoding=\"async\" width=\"150\" height=\"150\" src=\"https:\/\/clasicasmontesa.org\/wp-content\/uploads\/2018\/10\/IMG_9780-150x150.jpg\" class=\"attachment-thumbnail size-thumbnail\" alt=\"\" srcset=\"https:\/\/clasicasmontesa.org\/wp-content\/uploads\/2018\/10\/IMG_9780-150x150.jpg 150w, https:\/\/clasicasmontesa.org\/wp-content\/uploads\/2018\/10\/IMG_9780-100x100.jpg 100w\" sizes=\"auto, 100vw\" \/><\/a>\n\t\t\t<\/div><\/figure><figure class='gallery-item'>\n\t\t\t<div class='gallery-icon landscape'>\n\t\t\t\t<a href='https:\/\/clasicasmontesa.org\/index.php\/2018\/10\/08\/3a-quedada-montesista-a-gaia-barcelona-16-de-septiembre-de-2018\/img_9779\/'><img loading=\"lazy\" decoding=\"async\" width=\"150\" height=\"150\" src=\"https:\/\/clasicasmontesa.org\/wp-content\/uploads\/2018\/10\/IMG_9779-150x150.jpg\" class=\"attachment-thumbnail size-thumbnail\" alt=\"\" srcset=\"https:\/\/clasicasmontesa.org\/wp-content\/uploads\/2018\/10\/IMG_9779-150x150.jpg 150w, https:\/\/clasicasmontesa.org\/wp-content\/uploads\/2018\/10\/IMG_9779-100x100.jpg 100w\" sizes=\"auto, 100vw\" \/><\/a>\n\t\t\t<\/div><\/figure><figure class='gallery-item'>\n\t\t\t<div class='gallery-icon landscape'>\n\t\t\t\t<a href='https:\/\/clasicasmontesa.org\/index.php\/2018\/10\/08\/3a-quedada-montesista-a-gaia-barcelona-16-de-septiembre-de-2018\/img_9778\/'><img loading=\"lazy\" decoding=\"async\" width=\"150\" height=\"150\" src=\"https:\/\/clasicasmontesa.org\/wp-content\/uploads\/2018\/10\/IMG_9778-150x150.jpg\" class=\"attachment-thumbnail size-thumbnail\" alt=\"\" srcset=\"https:\/\/clasicasmontesa.org\/wp-content\/uploads\/2018\/10\/IMG_9778-150x150.jpg 150w, https:\/\/clasicasmontesa.org\/wp-content\/uploads\/2018\/10\/IMG_9778-100x100.jpg 100w\" sizes=\"auto, 100vw\" \/><\/a>\n\t\t\t<\/div><\/figure><figure class='gallery-item'>\n\t\t\t<div class='gallery-icon portrait'>\n\t\t\t\t<a href='https:\/\/clasicasmontesa.org\/index.php\/2018\/10\/08\/3a-quedada-montesista-a-gaia-barcelona-16-de-septiembre-de-2018\/img_9769\/'><img loading=\"lazy\" decoding=\"async\" width=\"150\" height=\"150\" src=\"https:\/\/clasicasmontesa.org\/wp-content\/uploads\/2018\/10\/IMG_9769-150x150.jpg\" class=\"attachment-thumbnail size-thumbnail\" alt=\"\" srcset=\"https:\/\/clasicasmontesa.org\/wp-content\/uploads\/2018\/10\/IMG_9769-150x150.jpg 150w, https:\/\/clasicasmontesa.org\/wp-content\/uploads\/2018\/10\/IMG_9769-100x100.jpg 100w\" sizes=\"auto, 100vw\" \/><\/a>\n\t\t\t<\/div><\/figure><figure class='gallery-item'>\n\t\t\t<div class='gallery-icon portrait'>\n\t\t\t\t<a href='https:\/\/clasicasmontesa.org\/index.php\/2018\/10\/08\/3a-quedada-montesista-a-gaia-barcelona-16-de-septiembre-de-2018\/img_9768\/'><img loading=\"lazy\" decoding=\"async\" width=\"150\" height=\"150\" src=\"https:\/\/clasicasmontesa.org\/wp-content\/uploads\/2018\/10\/IMG_9768-150x150.jpg\" class=\"attachment-thumbnail size-thumbnail\" alt=\"\" srcset=\"https:\/\/clasicasmontesa.org\/wp-content\/uploads\/2018\/10\/IMG_9768-150x150.jpg 150w, https:\/\/clasicasmontesa.org\/wp-content\/uploads\/2018\/10\/IMG_9768-100x100.jpg 100w\" sizes=\"auto, 100vw\" \/><\/a>\n\t\t\t<\/div><\/figure><figure class='gallery-item'>\n\t\t\t<div class='gallery-icon landscape'>\n\t\t\t\t<a href='https:\/\/clasicasmontesa.org\/index.php\/2018\/10\/08\/3a-quedada-montesista-a-gaia-barcelona-16-de-septiembre-de-2018\/img_9767\/'><img loading=\"lazy\" decoding=\"async\" width=\"150\" height=\"150\" src=\"https:\/\/clasicasmontesa.org\/wp-content\/uploads\/2018\/10\/IMG_9767-150x150.jpg\" class=\"attachment-thumbnail size-thumbnail\" alt=\"\" srcset=\"https:\/\/clasicasmontesa.org\/wp-content\/uploads\/2018\/10\/IMG_9767-150x150.jpg 150w, https:\/\/clasicasmontesa.org\/wp-content\/uploads\/2018\/10\/IMG_9767-100x100.jpg 100w\" sizes=\"auto, 100vw\" \/><\/a>\n\t\t\t<\/div><\/figure><figure class='gallery-item'>\n\t\t\t<div class='gallery-icon portrait'>\n\t\t\t\t<a href='https:\/\/clasicasmontesa.org\/index.php\/2018\/10\/08\/3a-quedada-montesista-a-gaia-barcelona-16-de-septiembre-de-2018\/img_9766\/'><img loading=\"lazy\" decoding=\"async\" width=\"150\" height=\"150\" src=\"https:\/\/clasicasmontesa.org\/wp-content\/uploads\/2018\/10\/IMG_9766-150x150.jpg\" class=\"attachment-thumbnail size-thumbnail\" alt=\"\" srcset=\"https:\/\/clasicasmontesa.org\/wp-content\/uploads\/2018\/10\/IMG_9766-150x150.jpg 150w, https:\/\/clasicasmontesa.org\/wp-content\/uploads\/2018\/10\/IMG_9766-100x100.jpg 100w\" sizes=\"auto, 100vw\" \/><\/a>\n\t\t\t<\/div><\/figure><figure class='gallery-item'>\n\t\t\t<div class='gallery-icon portrait'>\n\t\t\t\t<a href='https:\/\/clasicasmontesa.org\/index.php\/2018\/10\/08\/3a-quedada-montesista-a-gaia-barcelona-16-de-septiembre-de-2018\/img_9765\/'><img loading=\"lazy\" decoding=\"async\" width=\"150\" height=\"150\" src=\"https:\/\/clasicasmontesa.org\/wp-content\/uploads\/2018\/10\/IMG_9765-150x150.jpg\" class=\"attachment-thumbnail size-thumbnail\" alt=\"\" srcset=\"https:\/\/clasicasmontesa.org\/wp-content\/uploads\/2018\/10\/IMG_9765-150x150.jpg 150w, https:\/\/clasicasmontesa.org\/wp-content\/uploads\/2018\/10\/IMG_9765-100x100.jpg 100w\" sizes=\"auto, 100vw\" \/><\/a>\n\t\t\t<\/div><\/figure><figure class='gallery-item'>\n\t\t\t<div class='gallery-icon landscape'>\n\t\t\t\t<a href='https:\/\/clasicasmontesa.org\/index.php\/2018\/10\/08\/3a-quedada-montesista-a-gaia-barcelona-16-de-septiembre-de-2018\/img_9764\/'><img loading=\"lazy\" decoding=\"async\" width=\"150\" height=\"150\" src=\"https:\/\/clasicasmontesa.org\/wp-content\/uploads\/2018\/10\/IMG_9764-150x150.jpg\" class=\"attachment-thumbnail size-thumbnail\" alt=\"\" srcset=\"https:\/\/clasicasmontesa.org\/wp-content\/uploads\/2018\/10\/IMG_9764-150x150.jpg 150w, https:\/\/clasicasmontesa.org\/wp-content\/uploads\/2018\/10\/IMG_9764-100x100.jpg 100w\" sizes=\"auto, 100vw\" \/><\/a>\n\t\t\t<\/div><\/figure><figure class='gallery-item'>\n\t\t\t<div class='gallery-icon landscape'>\n\t\t\t\t<a href='https:\/\/clasicasmontesa.org\/index.php\/2018\/10\/08\/3a-quedada-montesista-a-gaia-barcelona-16-de-septiembre-de-2018\/img_9762\/'><img loading=\"lazy\" decoding=\"async\" width=\"150\" height=\"150\" src=\"https:\/\/clasicasmontesa.org\/wp-content\/uploads\/2018\/10\/IMG_9762-150x150.jpg\" class=\"attachment-thumbnail size-thumbnail\" alt=\"\" srcset=\"https:\/\/clasicasmontesa.org\/wp-content\/uploads\/2018\/10\/IMG_9762-150x150.jpg 150w, https:\/\/clasicasmontesa.org\/wp-content\/uploads\/2018\/10\/IMG_9762-100x100.jpg 100w\" sizes=\"auto, 100vw\" \/><\/a>\n\t\t\t<\/div><\/figure><figure class='gallery-item'>\n\t\t\t<div class='gallery-icon landscape'>\n\t\t\t\t<a href='https:\/\/clasicasmontesa.org\/index.php\/2018\/10\/08\/3a-quedada-montesista-a-gaia-barcelona-16-de-septiembre-de-2018\/img_9761\/'><img loading=\"lazy\" decoding=\"async\" width=\"150\" height=\"150\" src=\"https:\/\/clasicasmontesa.org\/wp-content\/uploads\/2018\/10\/IMG_9761-150x150.jpg\" class=\"attachment-thumbnail size-thumbnail\" alt=\"\" srcset=\"https:\/\/clasicasmontesa.org\/wp-content\/uploads\/2018\/10\/IMG_9761-150x150.jpg 150w, https:\/\/clasicasmontesa.org\/wp-content\/uploads\/2018\/10\/IMG_9761-100x100.jpg 100w\" sizes=\"auto, 100vw\" \/><\/a>\n\t\t\t<\/div><\/figure><figure class='gallery-item'>\n\t\t\t<div class='gallery-icon landscape'>\n\t\t\t\t<a href='https:\/\/clasicasmontesa.org\/index.php\/2018\/10\/08\/3a-quedada-montesista-a-gaia-barcelona-16-de-septiembre-de-2018\/img_9760\/'><img loading=\"lazy\" decoding=\"async\" width=\"150\" height=\"150\" src=\"https:\/\/clasicasmontesa.org\/wp-content\/uploads\/2018\/10\/IMG_9760-150x150.jpg\" class=\"attachment-thumbnail size-thumbnail\" alt=\"\" srcset=\"https:\/\/clasicasmontesa.org\/wp-content\/uploads\/2018\/10\/IMG_9760-150x150.jpg 150w, https:\/\/clasicasmontesa.org\/wp-content\/uploads\/2018\/10\/IMG_9760-100x100.jpg 100w\" sizes=\"auto, 100vw\" \/><\/a>\n\t\t\t<\/div><\/figure><figure class='gallery-item'>\n\t\t\t<div class='gallery-icon portrait'>\n\t\t\t\t<a href='https:\/\/clasicasmontesa.org\/index.php\/2018\/10\/08\/3a-quedada-montesista-a-gaia-barcelona-16-de-septiembre-de-2018\/img_9758\/'><img loading=\"lazy\" decoding=\"async\" width=\"150\" height=\"150\" src=\"https:\/\/clasicasmontesa.org\/wp-content\/uploads\/2018\/10\/IMG_9758-150x150.jpg\" class=\"attachment-thumbnail size-thumbnail\" alt=\"\" srcset=\"https:\/\/clasicasmontesa.org\/wp-content\/uploads\/2018\/10\/IMG_9758-150x150.jpg 150w, https:\/\/clasicasmontesa.org\/wp-content\/uploads\/2018\/10\/IMG_9758-100x100.jpg 100w\" sizes=\"auto, 100vw\" \/><\/a>\n\t\t\t<\/div><\/figure><figure class='gallery-item'>\n\t\t\t<div class='gallery-icon portrait'>\n\t\t\t\t<a href='https:\/\/clasicasmontesa.org\/index.php\/2018\/10\/08\/3a-quedada-montesista-a-gaia-barcelona-16-de-septiembre-de-2018\/img_9757\/'><img loading=\"lazy\" decoding=\"async\" width=\"150\" height=\"150\" src=\"https:\/\/clasicasmontesa.org\/wp-content\/uploads\/2018\/10\/IMG_9757-150x150.jpg\" class=\"attachment-thumbnail size-thumbnail\" alt=\"\" srcset=\"https:\/\/clasicasmontesa.org\/wp-content\/uploads\/2018\/10\/IMG_9757-150x150.jpg 150w, https:\/\/clasicasmontesa.org\/wp-content\/uploads\/2018\/10\/IMG_9757-100x100.jpg 100w\" sizes=\"auto, 100vw\" \/><\/a>\n\t\t\t<\/div><\/figure><figure class='gallery-item'>\n\t\t\t<div class='gallery-icon landscape'>\n\t\t\t\t<a href='https:\/\/clasicasmontesa.org\/index.php\/2018\/10\/08\/3a-quedada-montesista-a-gaia-barcelona-16-de-septiembre-de-2018\/img_9756\/'><img loading=\"lazy\" decoding=\"async\" width=\"150\" height=\"150\" src=\"https:\/\/clasicasmontesa.org\/wp-content\/uploads\/2018\/10\/IMG_9756-150x150.jpg\" class=\"attachment-thumbnail size-thumbnail\" alt=\"\" srcset=\"https:\/\/clasicasmontesa.org\/wp-content\/uploads\/2018\/10\/IMG_9756-150x150.jpg 150w, https:\/\/clasicasmontesa.org\/wp-content\/uploads\/2018\/10\/IMG_9756-100x100.jpg 100w\" sizes=\"auto, 100vw\" \/><\/a>\n\t\t\t<\/div><\/figure><figure class='gallery-item'>\n\t\t\t<div class='gallery-icon portrait'>\n\t\t\t\t<a href='https:\/\/clasicasmontesa.org\/index.php\/2018\/10\/08\/3a-quedada-montesista-a-gaia-barcelona-16-de-septiembre-de-2018\/img_9755\/'><img loading=\"lazy\" decoding=\"async\" width=\"150\" height=\"150\" src=\"https:\/\/clasicasmontesa.org\/wp-content\/uploads\/2018\/10\/IMG_9755-150x150.jpg\" class=\"attachment-thumbnail size-thumbnail\" alt=\"\" srcset=\"https:\/\/clasicasmontesa.org\/wp-content\/uploads\/2018\/10\/IMG_9755-150x150.jpg 150w, https:\/\/clasicasmontesa.org\/wp-content\/uploads\/2018\/10\/IMG_9755-100x100.jpg 100w\" sizes=\"auto, 100vw\" \/><\/a>\n\t\t\t<\/div><\/figure><figure class='gallery-item'>\n\t\t\t<div class='gallery-icon landscape'>\n\t\t\t\t<a href='https:\/\/clasicasmontesa.org\/index.php\/2018\/10\/08\/3a-quedada-montesista-a-gaia-barcelona-16-de-septiembre-de-2018\/img_9753\/'><img loading=\"lazy\" decoding=\"async\" width=\"150\" height=\"150\" src=\"https:\/\/clasicasmontesa.org\/wp-content\/uploads\/2018\/10\/IMG_9753-150x150.jpg\" class=\"attachment-thumbnail size-thumbnail\" alt=\"\" srcset=\"https:\/\/clasicasmontesa.org\/wp-content\/uploads\/2018\/10\/IMG_9753-150x150.jpg 150w, https:\/\/clasicasmontesa.org\/wp-content\/uploads\/2018\/10\/IMG_9753-100x100.jpg 100w\" sizes=\"auto, 100vw\" \/><\/a>\n\t\t\t<\/div><\/figure><figure class='gallery-item'>\n\t\t\t<div class='gallery-icon landscape'>\n\t\t\t\t<a href='https:\/\/clasicasmontesa.org\/index.php\/2018\/10\/08\/3a-quedada-montesista-a-gaia-barcelona-16-de-septiembre-de-2018\/img_9750\/'><img loading=\"lazy\" decoding=\"async\" width=\"150\" height=\"150\" src=\"https:\/\/clasicasmontesa.org\/wp-content\/uploads\/2018\/10\/IMG_9750-150x150.jpg\" class=\"attachment-thumbnail size-thumbnail\" alt=\"\" srcset=\"https:\/\/clasicasmontesa.org\/wp-content\/uploads\/2018\/10\/IMG_9750-150x150.jpg 150w, https:\/\/clasicasmontesa.org\/wp-content\/uploads\/2018\/10\/IMG_9750-100x100.jpg 100w\" sizes=\"auto, 100vw\" \/><\/a>\n\t\t\t<\/div><\/figure><figure class='gallery-item'>\n\t\t\t<div class='gallery-icon landscape'>\n\t\t\t\t<a href='https:\/\/clasicasmontesa.org\/index.php\/2018\/10\/08\/3a-quedada-montesista-a-gaia-barcelona-16-de-septiembre-de-2018\/img_0133\/'><img loading=\"lazy\" decoding=\"async\" width=\"150\" height=\"150\" src=\"https:\/\/clasicasmontesa.org\/wp-content\/uploads\/2018\/10\/IMG_0133-150x150.jpg\" class=\"attachment-thumbnail size-thumbnail\" alt=\"\" srcset=\"https:\/\/clasicasmontesa.org\/wp-content\/uploads\/2018\/10\/IMG_0133-150x150.jpg 150w, https:\/\/clasicasmontesa.org\/wp-content\/uploads\/2018\/10\/IMG_0133-100x100.jpg 100w\" sizes=\"auto, 100vw\" \/><\/a>\n\t\t\t<\/div><\/figure><figure class='gallery-item'>\n\t\t\t<div class='gallery-icon portrait'>\n\t\t\t\t<a href='https:\/\/clasicasmontesa.org\/index.php\/2018\/10\/08\/3a-quedada-montesista-a-gaia-barcelona-16-de-septiembre-de-2018\/img_0128\/'><img loading=\"lazy\" decoding=\"async\" width=\"150\" height=\"150\" src=\"https:\/\/clasicasmontesa.org\/wp-content\/uploads\/2018\/10\/IMG_0128-150x150.jpg\" class=\"attachment-thumbnail size-thumbnail\" alt=\"\" srcset=\"https:\/\/clasicasmontesa.org\/wp-content\/uploads\/2018\/10\/IMG_0128-150x150.jpg 150w, https:\/\/clasicasmontesa.org\/wp-content\/uploads\/2018\/10\/IMG_0128-100x100.jpg 100w\" sizes=\"auto, 100vw\" \/><\/a>\n\t\t\t<\/div><\/figure><figure class='gallery-item'>\n\t\t\t<div class='gallery-icon portrait'>\n\t\t\t\t<a href='https:\/\/clasicasmontesa.org\/index.php\/2018\/10\/08\/3a-quedada-montesista-a-gaia-barcelona-16-de-septiembre-de-2018\/img_0124\/'><img loading=\"lazy\" decoding=\"async\" width=\"150\" height=\"150\" src=\"https:\/\/clasicasmontesa.org\/wp-content\/uploads\/2018\/10\/IMG_0124-150x150.jpg\" class=\"attachment-thumbnail size-thumbnail\" alt=\"\" srcset=\"https:\/\/clasicasmontesa.org\/wp-content\/uploads\/2018\/10\/IMG_0124-150x150.jpg 150w, https:\/\/clasicasmontesa.org\/wp-content\/uploads\/2018\/10\/IMG_0124-100x100.jpg 100w\" sizes=\"auto, 100vw\" \/><\/a>\n\t\t\t<\/div><\/figure><figure class='gallery-item'>\n\t\t\t<div class='gallery-icon landscape'>\n\t\t\t\t<a href='https:\/\/clasicasmontesa.org\/index.php\/2018\/10\/08\/3a-quedada-montesista-a-gaia-barcelona-16-de-septiembre-de-2018\/img_0121\/'><img loading=\"lazy\" decoding=\"async\" width=\"150\" height=\"150\" src=\"https:\/\/clasicasmontesa.org\/wp-content\/uploads\/2018\/10\/IMG_0121-150x150.jpg\" class=\"attachment-thumbnail size-thumbnail\" alt=\"\" srcset=\"https:\/\/clasicasmontesa.org\/wp-content\/uploads\/2018\/10\/IMG_0121-150x150.jpg 150w, https:\/\/clasicasmontesa.org\/wp-content\/uploads\/2018\/10\/IMG_0121-100x100.jpg 100w\" sizes=\"auto, 100vw\" \/><\/a>\n\t\t\t<\/div><\/figure><figure class='gallery-item'>\n\t\t\t<div class='gallery-icon landscape'>\n\t\t\t\t<a href='https:\/\/clasicasmontesa.org\/index.php\/2018\/10\/08\/3a-quedada-montesista-a-gaia-barcelona-16-de-septiembre-de-2018\/img_0116\/'><img loading=\"lazy\" decoding=\"async\" width=\"150\" height=\"150\" src=\"https:\/\/clasicasmontesa.org\/wp-content\/uploads\/2018\/10\/IMG_0116-150x150.jpg\" class=\"attachment-thumbnail size-thumbnail\" alt=\"\" srcset=\"https:\/\/clasicasmontesa.org\/wp-content\/uploads\/2018\/10\/IMG_0116-150x150.jpg 150w, https:\/\/clasicasmontesa.org\/wp-content\/uploads\/2018\/10\/IMG_0116-100x100.jpg 100w\" sizes=\"auto, 100vw\" \/><\/a>\n\t\t\t<\/div><\/figure><figure class='gallery-item'>\n\t\t\t<div class='gallery-icon landscape'>\n\t\t\t\t<a href='https:\/\/clasicasmontesa.org\/index.php\/2018\/10\/08\/3a-quedada-montesista-a-gaia-barcelona-16-de-septiembre-de-2018\/img_0111\/'><img loading=\"lazy\" decoding=\"async\" width=\"150\" height=\"150\" src=\"https:\/\/clasicasmontesa.org\/wp-content\/uploads\/2018\/10\/IMG_0111-150x150.jpg\" class=\"attachment-thumbnail size-thumbnail\" alt=\"\" srcset=\"https:\/\/clasicasmontesa.org\/wp-content\/uploads\/2018\/10\/IMG_0111-150x150.jpg 150w, https:\/\/clasicasmontesa.org\/wp-content\/uploads\/2018\/10\/IMG_0111-100x100.jpg 100w\" sizes=\"auto, 100vw\" \/><\/a>\n\t\t\t<\/div><\/figure><figure class='gallery-item'>\n\t\t\t<div class='gallery-icon portrait'>\n\t\t\t\t<a href='https:\/\/clasicasmontesa.org\/index.php\/2018\/10\/08\/3a-quedada-montesista-a-gaia-barcelona-16-de-septiembre-de-2018\/img_0110\/'><img loading=\"lazy\" decoding=\"async\" width=\"150\" height=\"150\" src=\"https:\/\/clasicasmontesa.org\/wp-content\/uploads\/2018\/10\/IMG_0110-150x150.jpg\" class=\"attachment-thumbnail size-thumbnail\" alt=\"\" srcset=\"https:\/\/clasicasmontesa.org\/wp-content\/uploads\/2018\/10\/IMG_0110-150x150.jpg 150w, https:\/\/clasicasmontesa.org\/wp-content\/uploads\/2018\/10\/IMG_0110-100x100.jpg 100w\" sizes=\"auto, 100vw\" \/><\/a>\n\t\t\t<\/div><\/figure><figure class='gallery-item'>\n\t\t\t<div class='gallery-icon portrait'>\n\t\t\t\t<a href='https:\/\/clasicasmontesa.org\/index.php\/2018\/10\/08\/3a-quedada-montesista-a-gaia-barcelona-16-de-septiembre-de-2018\/img_0109\/'><img loading=\"lazy\" decoding=\"async\" width=\"150\" height=\"150\" src=\"https:\/\/clasicasmontesa.org\/wp-content\/uploads\/2018\/10\/IMG_0109-150x150.jpg\" class=\"attachment-thumbnail size-thumbnail\" alt=\"\" srcset=\"https:\/\/clasicasmontesa.org\/wp-content\/uploads\/2018\/10\/IMG_0109-150x150.jpg 150w, https:\/\/clasicasmontesa.org\/wp-content\/uploads\/2018\/10\/IMG_0109-100x100.jpg 100w\" sizes=\"auto, 100vw\" \/><\/a>\n\t\t\t<\/div><\/figure><figure class='gallery-item'>\n\t\t\t<div class='gallery-icon landscape'>\n\t\t\t\t<a href='https:\/\/clasicasmontesa.org\/index.php\/2018\/10\/08\/3a-quedada-montesista-a-gaia-barcelona-16-de-septiembre-de-2018\/img_0107\/'><img loading=\"lazy\" decoding=\"async\" width=\"150\" height=\"150\" src=\"https:\/\/clasicasmontesa.org\/wp-content\/uploads\/2018\/10\/IMG_0107-150x150.jpg\" class=\"attachment-thumbnail size-thumbnail\" alt=\"\" srcset=\"https:\/\/clasicasmontesa.org\/wp-content\/uploads\/2018\/10\/IMG_0107-150x150.jpg 150w, https:\/\/clasicasmontesa.org\/wp-content\/uploads\/2018\/10\/IMG_0107-100x100.jpg 100w\" sizes=\"auto, 100vw\" \/><\/a>\n\t\t\t<\/div><\/figure><figure class='gallery-item'>\n\t\t\t<div class='gallery-icon landscape'>\n\t\t\t\t<a href='https:\/\/clasicasmontesa.org\/index.php\/2018\/10\/08\/3a-quedada-montesista-a-gaia-barcelona-16-de-septiembre-de-2018\/img_0103\/'><img loading=\"lazy\" decoding=\"async\" width=\"150\" height=\"150\" src=\"https:\/\/clasicasmontesa.org\/wp-content\/uploads\/2018\/10\/IMG_0103-150x150.jpg\" class=\"attachment-thumbnail size-thumbnail\" alt=\"\" srcset=\"https:\/\/clasicasmontesa.org\/wp-content\/uploads\/2018\/10\/IMG_0103-150x150.jpg 150w, https:\/\/clasicasmontesa.org\/wp-content\/uploads\/2018\/10\/IMG_0103-100x100.jpg 100w\" sizes=\"auto, 100vw\" \/><\/a>\n\t\t\t<\/div><\/figure><figure class='gallery-item'>\n\t\t\t<div class='gallery-icon landscape'>\n\t\t\t\t<a href='https:\/\/clasicasmontesa.org\/index.php\/2018\/10\/08\/3a-quedada-montesista-a-gaia-barcelona-16-de-septiembre-de-2018\/img_0097\/'><img loading=\"lazy\" decoding=\"async\" width=\"150\" height=\"150\" src=\"https:\/\/clasicasmontesa.org\/wp-content\/uploads\/2018\/10\/IMG_0097-150x150.jpg\" class=\"attachment-thumbnail size-thumbnail\" alt=\"\" srcset=\"https:\/\/clasicasmontesa.org\/wp-content\/uploads\/2018\/10\/IMG_0097-150x150.jpg 150w, https:\/\/clasicasmontesa.org\/wp-content\/uploads\/2018\/10\/IMG_0097-100x100.jpg 100w\" sizes=\"auto, 100vw\" \/><\/a>\n\t\t\t<\/div><\/figure><figure class='gallery-item'>\n\t\t\t<div class='gallery-icon landscape'>\n\t\t\t\t<a href='https:\/\/clasicasmontesa.org\/index.php\/2018\/10\/08\/3a-quedada-montesista-a-gaia-barcelona-16-de-septiembre-de-2018\/img_0092\/'><img loading=\"lazy\" decoding=\"async\" width=\"150\" height=\"150\" src=\"https:\/\/clasicasmontesa.org\/wp-content\/uploads\/2018\/10\/IMG_0092-150x150.jpg\" class=\"attachment-thumbnail size-thumbnail\" alt=\"\" srcset=\"https:\/\/clasicasmontesa.org\/wp-content\/uploads\/2018\/10\/IMG_0092-150x150.jpg 150w, https:\/\/clasicasmontesa.org\/wp-content\/uploads\/2018\/10\/IMG_0092-100x100.jpg 100w\" sizes=\"auto, 100vw\" \/><\/a>\n\t\t\t<\/div><\/figure><figure class='gallery-item'>\n\t\t\t<div class='gallery-icon landscape'>\n\t\t\t\t<a href='https:\/\/clasicasmontesa.org\/index.php\/2018\/10\/08\/3a-quedada-montesista-a-gaia-barcelona-16-de-septiembre-de-2018\/img_0087\/'><img loading=\"lazy\" decoding=\"async\" width=\"150\" height=\"150\" src=\"https:\/\/clasicasmontesa.org\/wp-content\/uploads\/2018\/10\/IMG_0087-150x150.jpg\" class=\"attachment-thumbnail size-thumbnail\" alt=\"\" srcset=\"https:\/\/clasicasmontesa.org\/wp-content\/uploads\/2018\/10\/IMG_0087-150x150.jpg 150w, https:\/\/clasicasmontesa.org\/wp-content\/uploads\/2018\/10\/IMG_0087-100x100.jpg 100w\" sizes=\"auto, 100vw\" \/><\/a>\n\t\t\t<\/div><\/figure><figure class='gallery-item'>\n\t\t\t<div class='gallery-icon landscape'>\n\t\t\t\t<a href='https:\/\/clasicasmontesa.org\/index.php\/2018\/10\/08\/3a-quedada-montesista-a-gaia-barcelona-16-de-septiembre-de-2018\/img_0086\/'><img loading=\"lazy\" decoding=\"async\" width=\"150\" height=\"150\" src=\"https:\/\/clasicasmontesa.org\/wp-content\/uploads\/2018\/10\/IMG_0086-150x150.jpg\" class=\"attachment-thumbnail size-thumbnail\" alt=\"\" srcset=\"https:\/\/clasicasmontesa.org\/wp-content\/uploads\/2018\/10\/IMG_0086-150x150.jpg 150w, https:\/\/clasicasmontesa.org\/wp-content\/uploads\/2018\/10\/IMG_0086-100x100.jpg 100w\" sizes=\"auto, 100vw\" \/><\/a>\n\t\t\t<\/div><\/figure><figure class='gallery-item'>\n\t\t\t<div class='gallery-icon landscape'>\n\t\t\t\t<a href='https:\/\/clasicasmontesa.org\/index.php\/2018\/10\/08\/3a-quedada-montesista-a-gaia-barcelona-16-de-septiembre-de-2018\/img_0081\/'><img loading=\"lazy\" decoding=\"async\" width=\"150\" height=\"150\" src=\"https:\/\/clasicasmontesa.org\/wp-content\/uploads\/2018\/10\/IMG_0081-150x150.jpg\" class=\"attachment-thumbnail size-thumbnail\" alt=\"\" srcset=\"https:\/\/clasicasmontesa.org\/wp-content\/uploads\/2018\/10\/IMG_0081-150x150.jpg 150w, https:\/\/clasicasmontesa.org\/wp-content\/uploads\/2018\/10\/IMG_0081-100x100.jpg 100w\" sizes=\"auto, 100vw\" \/><\/a>\n\t\t\t<\/div><\/figure><figure class='gallery-item'>\n\t\t\t<div class='gallery-icon landscape'>\n\t\t\t\t<a href='https:\/\/clasicasmontesa.org\/index.php\/2018\/10\/08\/3a-quedada-montesista-a-gaia-barcelona-16-de-septiembre-de-2018\/img_0078\/'><img loading=\"lazy\" decoding=\"async\" width=\"150\" height=\"150\" src=\"https:\/\/clasicasmontesa.org\/wp-content\/uploads\/2018\/10\/IMG_0078-150x150.jpg\" class=\"attachment-thumbnail size-thumbnail\" alt=\"\" srcset=\"https:\/\/clasicasmontesa.org\/wp-content\/uploads\/2018\/10\/IMG_0078-150x150.jpg 150w, https:\/\/clasicasmontesa.org\/wp-content\/uploads\/2018\/10\/IMG_0078-100x100.jpg 100w\" sizes=\"auto, 100vw\" \/><\/a>\n\t\t\t<\/div><\/figure><figure class='gallery-item'>\n\t\t\t<div class='gallery-icon landscape'>\n\t\t\t\t<a href='https:\/\/clasicasmontesa.org\/index.php\/2018\/10\/08\/3a-quedada-montesista-a-gaia-barcelona-16-de-septiembre-de-2018\/img_0074\/'><img loading=\"lazy\" decoding=\"async\" width=\"150\" height=\"150\" src=\"https:\/\/clasicasmontesa.org\/wp-content\/uploads\/2018\/10\/IMG_0074-150x150.jpg\" class=\"attachment-thumbnail size-thumbnail\" alt=\"\" srcset=\"https:\/\/clasicasmontesa.org\/wp-content\/uploads\/2018\/10\/IMG_0074-150x150.jpg 150w, https:\/\/clasicasmontesa.org\/wp-content\/uploads\/2018\/10\/IMG_0074-100x100.jpg 100w\" sizes=\"auto, 100vw\" \/><\/a>\n\t\t\t<\/div><\/figure><figure class='gallery-item'>\n\t\t\t<div class='gallery-icon landscape'>\n\t\t\t\t<a href='https:\/\/clasicasmontesa.org\/index.php\/2018\/10\/08\/3a-quedada-montesista-a-gaia-barcelona-16-de-septiembre-de-2018\/img_0072\/'><img loading=\"lazy\" decoding=\"async\" width=\"150\" height=\"150\" src=\"https:\/\/clasicasmontesa.org\/wp-content\/uploads\/2018\/10\/IMG_0072-150x150.jpg\" class=\"attachment-thumbnail size-thumbnail\" alt=\"\" srcset=\"https:\/\/clasicasmontesa.org\/wp-content\/uploads\/2018\/10\/IMG_0072-150x150.jpg 150w, https:\/\/clasicasmontesa.org\/wp-content\/uploads\/2018\/10\/IMG_0072-100x100.jpg 100w\" sizes=\"auto, 100vw\" \/><\/a>\n\t\t\t<\/div><\/figure><figure class='gallery-item'>\n\t\t\t<div class='gallery-icon landscape'>\n\t\t\t\t<a href='https:\/\/clasicasmontesa.org\/index.php\/2018\/10\/08\/3a-quedada-montesista-a-gaia-barcelona-16-de-septiembre-de-2018\/img_0066\/'><img loading=\"lazy\" decoding=\"async\" width=\"150\" height=\"150\" src=\"https:\/\/clasicasmontesa.org\/wp-content\/uploads\/2018\/10\/IMG_0066-150x150.jpg\" class=\"attachment-thumbnail size-thumbnail\" alt=\"\" srcset=\"https:\/\/clasicasmontesa.org\/wp-content\/uploads\/2018\/10\/IMG_0066-150x150.jpg 150w, https:\/\/clasicasmontesa.org\/wp-content\/uploads\/2018\/10\/IMG_0066-100x100.jpg 100w\" sizes=\"auto, 100vw\" \/><\/a>\n\t\t\t<\/div><\/figure><figure class='gallery-item'>\n\t\t\t<div class='gallery-icon landscape'>\n\t\t\t\t<a href='https:\/\/clasicasmontesa.org\/index.php\/2018\/10\/08\/3a-quedada-montesista-a-gaia-barcelona-16-de-septiembre-de-2018\/img_0063\/'><img loading=\"lazy\" decoding=\"async\" width=\"150\" height=\"150\" src=\"https:\/\/clasicasmontesa.org\/wp-content\/uploads\/2018\/10\/IMG_0063-150x150.jpg\" class=\"attachment-thumbnail size-thumbnail\" alt=\"\" srcset=\"https:\/\/clasicasmontesa.org\/wp-content\/uploads\/2018\/10\/IMG_0063-150x150.jpg 150w, https:\/\/clasicasmontesa.org\/wp-content\/uploads\/2018\/10\/IMG_0063-100x100.jpg 100w\" sizes=\"auto, 100vw\" \/><\/a>\n\t\t\t<\/div><\/figure><figure class='gallery-item'>\n\t\t\t<div class='gallery-icon landscape'>\n\t\t\t\t<a href='https:\/\/clasicasmontesa.org\/index.php\/2018\/10\/08\/3a-quedada-montesista-a-gaia-barcelona-16-de-septiembre-de-2018\/img_0061\/'><img loading=\"lazy\" decoding=\"async\" width=\"150\" height=\"150\" src=\"https:\/\/clasicasmontesa.org\/wp-content\/uploads\/2018\/10\/IMG_0061-150x150.jpg\" class=\"attachment-thumbnail size-thumbnail\" alt=\"\" srcset=\"https:\/\/clasicasmontesa.org\/wp-content\/uploads\/2018\/10\/IMG_0061-150x150.jpg 150w, https:\/\/clasicasmontesa.org\/wp-content\/uploads\/2018\/10\/IMG_0061-100x100.jpg 100w\" sizes=\"auto, 100vw\" \/><\/a>\n\t\t\t<\/div><\/figure><figure class='gallery-item'>\n\t\t\t<div class='gallery-icon landscape'>\n\t\t\t\t<a href='https:\/\/clasicasmontesa.org\/index.php\/2018\/10\/08\/3a-quedada-montesista-a-gaia-barcelona-16-de-septiembre-de-2018\/img_0057\/'><img loading=\"lazy\" decoding=\"async\" width=\"150\" height=\"150\" src=\"https:\/\/clasicasmontesa.org\/wp-content\/uploads\/2018\/10\/IMG_0057-150x150.jpg\" class=\"attachment-thumbnail size-thumbnail\" alt=\"\" srcset=\"https:\/\/clasicasmontesa.org\/wp-content\/uploads\/2018\/10\/IMG_0057-150x150.jpg 150w, https:\/\/clasicasmontesa.org\/wp-content\/uploads\/2018\/10\/IMG_0057-100x100.jpg 100w\" sizes=\"auto, 100vw\" \/><\/a>\n\t\t\t<\/div><\/figure><figure class='gallery-item'>\n\t\t\t<div class='gallery-icon landscape'>\n\t\t\t\t<a href='https:\/\/clasicasmontesa.org\/index.php\/2018\/10\/08\/3a-quedada-montesista-a-gaia-barcelona-16-de-septiembre-de-2018\/img_0053\/'><img loading=\"lazy\" decoding=\"async\" width=\"150\" height=\"150\" src=\"https:\/\/clasicasmontesa.org\/wp-content\/uploads\/2018\/10\/IMG_0053-150x150.jpg\" class=\"attachment-thumbnail size-thumbnail\" alt=\"\" srcset=\"https:\/\/clasicasmontesa.org\/wp-content\/uploads\/2018\/10\/IMG_0053-150x150.jpg 150w, https:\/\/clasicasmontesa.org\/wp-content\/uploads\/2018\/10\/IMG_0053-100x100.jpg 100w\" sizes=\"auto, 100vw\" \/><\/a>\n\t\t\t<\/div><\/figure><figure class='gallery-item'>\n\t\t\t<div class='gallery-icon landscape'>\n\t\t\t\t<a href='https:\/\/clasicasmontesa.org\/index.php\/2018\/10\/08\/3a-quedada-montesista-a-gaia-barcelona-16-de-septiembre-de-2018\/img_0050\/'><img loading=\"lazy\" decoding=\"async\" width=\"150\" height=\"150\" src=\"https:\/\/clasicasmontesa.org\/wp-content\/uploads\/2018\/10\/IMG_0050-150x150.jpg\" class=\"attachment-thumbnail size-thumbnail\" alt=\"\" srcset=\"https:\/\/clasicasmontesa.org\/wp-content\/uploads\/2018\/10\/IMG_0050-150x150.jpg 150w, https:\/\/clasicasmontesa.org\/wp-content\/uploads\/2018\/10\/IMG_0050-100x100.jpg 100w\" sizes=\"auto, 100vw\" \/><\/a>\n\t\t\t<\/div><\/figure><figure class='gallery-item'>\n\t\t\t<div class='gallery-icon landscape'>\n\t\t\t\t<a href='https:\/\/clasicasmontesa.org\/index.php\/2018\/10\/08\/3a-quedada-montesista-a-gaia-barcelona-16-de-septiembre-de-2018\/img_0046\/'><img loading=\"lazy\" decoding=\"async\" width=\"150\" height=\"150\" src=\"https:\/\/clasicasmontesa.org\/wp-content\/uploads\/2018\/10\/IMG_0046-150x150.jpg\" class=\"attachment-thumbnail size-thumbnail\" alt=\"\" srcset=\"https:\/\/clasicasmontesa.org\/wp-content\/uploads\/2018\/10\/IMG_0046-150x150.jpg 150w, https:\/\/clasicasmontesa.org\/wp-content\/uploads\/2018\/10\/IMG_0046-100x100.jpg 100w\" sizes=\"auto, 100vw\" \/><\/a>\n\t\t\t<\/div><\/figure><figure class='gallery-item'>\n\t\t\t<div class='gallery-icon landscape'>\n\t\t\t\t<a href='https:\/\/clasicasmontesa.org\/index.php\/2018\/10\/08\/3a-quedada-montesista-a-gaia-barcelona-16-de-septiembre-de-2018\/img_0044\/'><img loading=\"lazy\" decoding=\"async\" width=\"150\" height=\"150\" src=\"https:\/\/clasicasmontesa.org\/wp-content\/uploads\/2018\/10\/IMG_0044-150x150.jpg\" class=\"attachment-thumbnail size-thumbnail\" alt=\"\" srcset=\"https:\/\/clasicasmontesa.org\/wp-content\/uploads\/2018\/10\/IMG_0044-150x150.jpg 150w, https:\/\/clasicasmontesa.org\/wp-content\/uploads\/2018\/10\/IMG_0044-100x100.jpg 100w\" sizes=\"auto, 100vw\" \/><\/a>\n\t\t\t<\/div><\/figure><figure class='gallery-item'>\n\t\t\t<div class='gallery-icon landscape'>\n\t\t\t\t<a href='https:\/\/clasicasmontesa.org\/index.php\/2018\/10\/08\/3a-quedada-montesista-a-gaia-barcelona-16-de-septiembre-de-2018\/img_0039\/'><img loading=\"lazy\" decoding=\"async\" width=\"150\" height=\"150\" src=\"https:\/\/clasicasmontesa.org\/wp-content\/uploads\/2018\/10\/IMG_0039-150x150.jpg\" class=\"attachment-thumbnail size-thumbnail\" alt=\"\" srcset=\"https:\/\/clasicasmontesa.org\/wp-content\/uploads\/2018\/10\/IMG_0039-150x150.jpg 150w, https:\/\/clasicasmontesa.org\/wp-content\/uploads\/2018\/10\/IMG_0039-100x100.jpg 100w\" sizes=\"auto, 100vw\" \/><\/a>\n\t\t\t<\/div><\/figure><figure class='gallery-item'>\n\t\t\t<div class='gallery-icon landscape'>\n\t\t\t\t<a href='https:\/\/clasicasmontesa.org\/index.php\/2018\/10\/08\/3a-quedada-montesista-a-gaia-barcelona-16-de-septiembre-de-2018\/img_0035\/'><img loading=\"lazy\" decoding=\"async\" width=\"150\" height=\"150\" src=\"https:\/\/clasicasmontesa.org\/wp-content\/uploads\/2018\/10\/IMG_0035-150x150.jpg\" class=\"attachment-thumbnail size-thumbnail\" alt=\"\" srcset=\"https:\/\/clasicasmontesa.org\/wp-content\/uploads\/2018\/10\/IMG_0035-150x150.jpg 150w, https:\/\/clasicasmontesa.org\/wp-content\/uploads\/2018\/10\/IMG_0035-100x100.jpg 100w\" sizes=\"auto, 100vw\" \/><\/a>\n\t\t\t<\/div><\/figure><figure class='gallery-item'>\n\t\t\t<div class='gallery-icon landscape'>\n\t\t\t\t<a href='https:\/\/clasicasmontesa.org\/index.php\/2018\/10\/08\/3a-quedada-montesista-a-gaia-barcelona-16-de-septiembre-de-2018\/img_0030\/'><img loading=\"lazy\" decoding=\"async\" width=\"150\" height=\"150\" src=\"https:\/\/clasicasmontesa.org\/wp-content\/uploads\/2018\/10\/IMG_0030-150x150.jpg\" class=\"attachment-thumbnail size-thumbnail\" alt=\"\" srcset=\"https:\/\/clasicasmontesa.org\/wp-content\/uploads\/2018\/10\/IMG_0030-150x150.jpg 150w, https:\/\/clasicasmontesa.org\/wp-content\/uploads\/2018\/10\/IMG_0030-100x100.jpg 100w\" sizes=\"auto, 100vw\" \/><\/a>\n\t\t\t<\/div><\/figure><figure class='gallery-item'>\n\t\t\t<div class='gallery-icon landscape'>\n\t\t\t\t<a href='https:\/\/clasicasmontesa.org\/index.php\/2018\/10\/08\/3a-quedada-montesista-a-gaia-barcelona-16-de-septiembre-de-2018\/img_0027\/'><img loading=\"lazy\" decoding=\"async\" width=\"150\" height=\"150\" src=\"https:\/\/clasicasmontesa.org\/wp-content\/uploads\/2018\/10\/IMG_0027-150x150.jpg\" class=\"attachment-thumbnail size-thumbnail\" alt=\"\" srcset=\"https:\/\/clasicasmontesa.org\/wp-content\/uploads\/2018\/10\/IMG_0027-150x150.jpg 150w, https:\/\/clasicasmontesa.org\/wp-content\/uploads\/2018\/10\/IMG_0027-100x100.jpg 100w\" sizes=\"auto, 100vw\" \/><\/a>\n\t\t\t<\/div><\/figure><figure class='gallery-item'>\n\t\t\t<div class='gallery-icon landscape'>\n\t\t\t\t<a href='https:\/\/clasicasmontesa.org\/index.php\/2018\/10\/08\/3a-quedada-montesista-a-gaia-barcelona-16-de-septiembre-de-2018\/img_0022\/'><img loading=\"lazy\" decoding=\"async\" width=\"150\" height=\"150\" src=\"https:\/\/clasicasmontesa.org\/wp-content\/uploads\/2018\/10\/IMG_0022-150x150.jpg\" class=\"attachment-thumbnail size-thumbnail\" alt=\"\" srcset=\"https:\/\/clasicasmontesa.org\/wp-content\/uploads\/2018\/10\/IMG_0022-150x150.jpg 150w, https:\/\/clasicasmontesa.org\/wp-content\/uploads\/2018\/10\/IMG_0022-100x100.jpg 100w\" sizes=\"auto, 100vw\" \/><\/a>\n\t\t\t<\/div><\/figure><figure class='gallery-item'>\n\t\t\t<div class='gallery-icon landscape'>\n\t\t\t\t<a href='https:\/\/clasicasmontesa.org\/index.php\/2018\/10\/08\/3a-quedada-montesista-a-gaia-barcelona-16-de-septiembre-de-2018\/img_0020\/'><img loading=\"lazy\" decoding=\"async\" width=\"150\" height=\"150\" src=\"https:\/\/clasicasmontesa.org\/wp-content\/uploads\/2018\/10\/IMG_0020-150x150.jpg\" class=\"attachment-thumbnail size-thumbnail\" alt=\"\" srcset=\"https:\/\/clasicasmontesa.org\/wp-content\/uploads\/2018\/10\/IMG_0020-150x150.jpg 150w, https:\/\/clasicasmontesa.org\/wp-content\/uploads\/2018\/10\/IMG_0020-100x100.jpg 100w\" sizes=\"auto, 100vw\" \/><\/a>\n\t\t\t<\/div><\/figure><figure class='gallery-item'>\n\t\t\t<div class='gallery-icon portrait'>\n\t\t\t\t<a href='https:\/\/clasicasmontesa.org\/index.php\/2018\/10\/08\/3a-quedada-montesista-a-gaia-barcelona-16-de-septiembre-de-2018\/img_0018\/'><img loading=\"lazy\" decoding=\"async\" width=\"150\" height=\"150\" src=\"https:\/\/clasicasmontesa.org\/wp-content\/uploads\/2018\/10\/IMG_0018-150x150.jpg\" class=\"attachment-thumbnail size-thumbnail\" alt=\"\" srcset=\"https:\/\/clasicasmontesa.org\/wp-content\/uploads\/2018\/10\/IMG_0018-150x150.jpg 150w, https:\/\/clasicasmontesa.org\/wp-content\/uploads\/2018\/10\/IMG_0018-100x100.jpg 100w\" sizes=\"auto, 100vw\" \/><\/a>\n\t\t\t<\/div><\/figure><figure class='gallery-item'>\n\t\t\t<div class='gallery-icon portrait'>\n\t\t\t\t<a href='https:\/\/clasicasmontesa.org\/index.php\/2018\/10\/08\/3a-quedada-montesista-a-gaia-barcelona-16-de-septiembre-de-2018\/img_0014\/'><img loading=\"lazy\" decoding=\"async\" width=\"150\" height=\"150\" src=\"https:\/\/clasicasmontesa.org\/wp-content\/uploads\/2018\/10\/IMG_0014-150x150.jpg\" class=\"attachment-thumbnail size-thumbnail\" alt=\"\" srcset=\"https:\/\/clasicasmontesa.org\/wp-content\/uploads\/2018\/10\/IMG_0014-150x150.jpg 150w, https:\/\/clasicasmontesa.org\/wp-content\/uploads\/2018\/10\/IMG_0014-100x100.jpg 100w\" sizes=\"auto, 100vw\" \/><\/a>\n\t\t\t<\/div><\/figure><figure class='gallery-item'>\n\t\t\t<div class='gallery-icon landscape'>\n\t\t\t\t<a href='https:\/\/clasicasmontesa.org\/index.php\/2018\/10\/08\/3a-quedada-montesista-a-gaia-barcelona-16-de-septiembre-de-2018\/img_0011\/'><img loading=\"lazy\" decoding=\"async\" width=\"150\" height=\"150\" src=\"https:\/\/clasicasmontesa.org\/wp-content\/uploads\/2018\/10\/IMG_0011-150x150.jpg\" class=\"attachment-thumbnail size-thumbnail\" alt=\"\" srcset=\"https:\/\/clasicasmontesa.org\/wp-content\/uploads\/2018\/10\/IMG_0011-150x150.jpg 150w, https:\/\/clasicasmontesa.org\/wp-content\/uploads\/2018\/10\/IMG_0011-100x100.jpg 100w\" sizes=\"auto, 100vw\" \/><\/a>\n\t\t\t<\/div><\/figure><figure class='gallery-item'>\n\t\t\t<div class='gallery-icon landscape'>\n\t\t\t\t<a href='https:\/\/clasicasmontesa.org\/index.php\/2018\/10\/08\/3a-quedada-montesista-a-gaia-barcelona-16-de-septiembre-de-2018\/img_0010\/'><img loading=\"lazy\" decoding=\"async\" width=\"150\" height=\"150\" src=\"https:\/\/clasicasmontesa.org\/wp-content\/uploads\/2018\/10\/IMG_0010-150x150.jpg\" class=\"attachment-thumbnail size-thumbnail\" alt=\"\" srcset=\"https:\/\/clasicasmontesa.org\/wp-content\/uploads\/2018\/10\/IMG_0010-150x150.jpg 150w, https:\/\/clasicasmontesa.org\/wp-content\/uploads\/2018\/10\/IMG_0010-100x100.jpg 100w\" sizes=\"auto, 100vw\" \/><\/a>\n\t\t\t<\/div><\/figure><figure class='gallery-item'>\n\t\t\t<div class='gallery-icon landscape'>\n\t\t\t\t<a href='https:\/\/clasicasmontesa.org\/index.php\/2018\/10\/08\/3a-quedada-montesista-a-gaia-barcelona-16-de-septiembre-de-2018\/img_0006\/'><img loading=\"lazy\" decoding=\"async\" width=\"150\" height=\"150\" src=\"https:\/\/clasicasmontesa.org\/wp-content\/uploads\/2018\/10\/IMG_0006-150x150.jpg\" class=\"attachment-thumbnail size-thumbnail\" alt=\"\" srcset=\"https:\/\/clasicasmontesa.org\/wp-content\/uploads\/2018\/10\/IMG_0006-150x150.jpg 150w, https:\/\/clasicasmontesa.org\/wp-content\/uploads\/2018\/10\/IMG_0006-100x100.jpg 100w\" sizes=\"auto, 100vw\" \/><\/a>\n\t\t\t<\/div><\/figure><figure class='gallery-item'>\n\t\t\t<div class='gallery-icon portrait'>\n\t\t\t\t<a href='https:\/\/clasicasmontesa.org\/index.php\/2018\/10\/08\/3a-quedada-montesista-a-gaia-barcelona-16-de-septiembre-de-2018\/img_0005\/'><img loading=\"lazy\" decoding=\"async\" width=\"150\" height=\"150\" src=\"https:\/\/clasicasmontesa.org\/wp-content\/uploads\/2018\/10\/IMG_0005-150x150.jpg\" class=\"attachment-thumbnail size-thumbnail\" alt=\"\" srcset=\"https:\/\/clasicasmontesa.org\/wp-content\/uploads\/2018\/10\/IMG_0005-150x150.jpg 150w, https:\/\/clasicasmontesa.org\/wp-content\/uploads\/2018\/10\/IMG_0005-100x100.jpg 100w\" sizes=\"auto, 100vw\" \/><\/a>\n\t\t\t<\/div><\/figure><figure class='gallery-item'>\n\t\t\t<div class='gallery-icon portrait'>\n\t\t\t\t<a href='https:\/\/clasicasmontesa.org\/index.php\/2018\/10\/08\/3a-quedada-montesista-a-gaia-barcelona-16-de-septiembre-de-2018\/img_0004\/'><img loading=\"lazy\" decoding=\"async\" width=\"150\" height=\"150\" src=\"https:\/\/clasicasmontesa.org\/wp-content\/uploads\/2018\/10\/IMG_0004-150x150.jpg\" class=\"attachment-thumbnail size-thumbnail\" alt=\"\" srcset=\"https:\/\/clasicasmontesa.org\/wp-content\/uploads\/2018\/10\/IMG_0004-150x150.jpg 150w, https:\/\/clasicasmontesa.org\/wp-content\/uploads\/2018\/10\/IMG_0004-100x100.jpg 100w\" sizes=\"auto, 100vw\" \/><\/a>\n\t\t\t<\/div><\/figure>\n\t\t<\/div>\n\n<p>Texto: AMCM<br \/>\nFotos: Eddy Mulet.<\/p>","protected":false},"excerpt":{"rendered":"<p>Consolidada la cita de las Cl\u00e1sicas Montesas El domingo 16 de septiembre, se celebr\u00f3 en Gai\u00e0 (Barcelona) la 3\u00aa Quedada Montesista, cita indiscutible para el amante de las cl\u00e1sicas Montesa y que este a\u00f1o doblo de forma espectacular las cifras de participaci\u00f3n, respecto a la edici\u00f3n anterior. Consolidada en este municipio de la Catalu\u00f1a Central &hellip; <\/p>\n<p class=\"link-more\"><a href=\"https:\/\/clasicasmontesa.org\/index.php\/2018\/10\/08\/3a-quedada-montesista-a-gaia-barcelona-16-de-septiembre-de-2018\/\" class=\"more-link\">Continuar leyendo<span class=\"screen-reader-text\"> \u00ab3\u00aa Quedada Montesista a Gai\u00e0 (Barcelona) \u2013 16 de Septiembre de 2018 \u2013\u00bb<\/span><\/a><\/p>\n","protected":false},"author":1,"featured_media":0,"comment_status":"open","ping_status":"open","sticky":false,"template":"","format":"standard","meta":{"_monsterinsights_skip_tracking":false,"_monsterinsights_sitenote_active":false,"_monsterinsights_sitenote_note":"","_monsterinsights_sitenote_category":0,"footnotes":""},"categories":[1],"tags":[],"class_list":["post-601","post","type-post","status-publish","format-standard","hentry","category-sin-categoria"],"_links":{"self":[{"href":"https:\/\/clasicasmontesa.org\/index.php\/wp-json\/wp\/v2\/posts\/601","targetHints":{"allow":["GET"]}}],"collection":[{"href":"https:\/\/clasicasmontesa.org\/index.php\/wp-json\/wp\/v2\/posts"}],"about":[{"href":"https:\/\/clasicasmontesa.org\/index.php\/wp-json\/wp\/v2\/types\/post"}],"author":[{"embeddable":true,"href":"https:\/\/clasicasmontesa.org\/index.php\/wp-json\/wp\/v2\/users\/1"}],"replies":[{"embeddable":true,"href":"https:\/\/clasicasmontesa.org\/index.php\/wp-json\/wp\/v2\/comments?post=601"}],"version-history":[{"count":1,"href":"https:\/\/clasicasmontesa.org\/index.php\/wp-json\/wp\/v2\/posts\/601\/revisions"}],"predecessor-version":[{"id":698,"href":"https:\/\/clasicasmontesa.org\/index.php\/wp-json\/wp\/v2\/posts\/601\/revisions\/698"}],"wp:attachment":[{"href":"https:\/\/clasicasmontesa.org\/index.php\/wp-json\/wp\/v2\/media?parent=601"}],"wp:term":[{"taxonomy":"category","embeddable":true,"href":"https:\/\/clasicasmontesa.org\/index.php\/wp-json\/wp\/v2\/categories?post=601"},{"taxonomy":"post_tag","embeddable":true,"href":"https:\/\/clasicasmontesa.org\/index.php\/wp-json\/wp\/v2\/tags?post=601"}],"curies":[{"name":"wp","href":"https:\/\/api.w.org\/{rel}","templated":true}]}}